{"id":4931,"date":"2025-03-06T13:07:57","date_gmt":"2025-03-06T13:07:57","guid":{"rendered":"http:\/\/www.aevc.edu.pt\/aevc_1\/?p=4931"},"modified":"2025-03-06T13:12:41","modified_gmt":"2025-03-06T13:12:41","slug":"hora-de-agir","status":"publish","type":"post","link":"https:\/\/www.aevc.edu.pt\/aevc_1\/2025\/03\/06\/hora-de-agir\/","title":{"rendered":"Hora de agir"},"content":{"rendered":"\t\t<div data-elementor-type=\"wp-post\" data-elementor-id=\"4931\" class=\"elementor elementor-4931\">\n\t\t\t\t\t\t<header class=\"elementor-section elementor-top-section elementor-element elementor-element-6bb20eb elementor-section-height-min-height elementor-section-items-bottom elementor-section-boxed elementor-section-height-default\" data-id=\"6bb20eb\" data-element_type=\"section\" data-settings=\"{&quot;background_background&quot;:&quot;slideshow&quot;,&quot;background_slideshow_gallery&quot;:[{&quot;id&quot;:4855,&quot;url&quot;:&quot;http:\\\/\\\/www.aevc.edu.pt\\\/aevc_1\\\/wp-content\\\/uploads\\\/2024\\\/12\\\/mosaico1-1.jpg&quot;},{&quot;id&quot;:4856,&quot;url&quot;:&quot;http:\\\/\\\/www.aevc.edu.pt\\\/aevc_1\\\/wp-content\\\/uploads\\\/2024\\\/12\\\/mosaico2-1.jpg&quot;},{&quot;id&quot;:4857,&quot;url&quot;:&quot;http:\\\/\\\/www.aevc.edu.pt\\\/aevc_1\\\/wp-content\\\/uploads\\\/2024\\\/12\\\/mosaico3-1.jpg&quot;}],&quot;background_slideshow_lazyload&quot;:&quot;yes&quot;,&quot;background_slideshow_ken_burns&quot;:&quot;yes&quot;,&quot;background_slideshow_loop&quot;:&quot;yes&quot;,&quot;background_slideshow_slide_duration&quot;:5000,&quot;background_slideshow_slide_transition&quot;:&quot;fade&quot;,&quot;background_slideshow_transition_duration&quot;:500,&quot;background_slideshow_ken_burns_zoom_direction&quot;:&quot;in&quot;}\">\n\t\t\t\t\t\t\t<div class=\"elementor-background-overlay\"><\/div>\n\t\t\t\t\t\t\t<div class=\"elementor-container elementor-column-gap-wider\">\n\t\t\t\t\t<div class=\"elementor-column elementor-col-50 elementor-top-column elementor-element elementor-element-f8ae384\" data-id=\"f8ae384\" data-element_type=\"column\">\n\t\t\t<div class=\"elementor-widget-wrap elementor-element-populated\">\n\t\t\t\t\t\t<div class=\"elementor-element elementor-element-69e113f elementor-widget elementor-widget-heading\" data-id=\"69e113f\" data-element_type=\"widget\" data-widget_type=\"heading.default\">\n\t\t\t\t<div class=\"elementor-widget-container\">\n\t\t\t<style>\/*! elementor - v3.23.0 - 15-07-2024 *\/\n.elementor-heading-title{padding:0;margin:0;line-height:1}.elementor-widget-heading .elementor-heading-title[class*=elementor-size-]>a{color:inherit;font-size:inherit;line-height:inherit}.elementor-widget-heading .elementor-heading-title.elementor-size-small{font-size:15px}.elementor-widget-heading .elementor-heading-title.elementor-size-medium{font-size:19px}.elementor-widget-heading .elementor-heading-title.elementor-size-large{font-size:29px}.elementor-widget-heading .elementor-heading-title.elementor-size-xl{font-size:39px}.elementor-widget-heading .elementor-heading-title.elementor-size-xxl{font-size:59px}<\/style><h1 class=\"elementor-heading-title elementor-size-default\">Erasmus+ - Hora de agir<\/h1>\t\t<\/div>\n\t\t\t\t<\/div>\n\t\t\t\t\t<\/div>\n\t\t<\/div>\n\t\t\t\t<div class=\"elementor-column elementor-col-50 elementor-top-column elementor-element elementor-element-c530e8a elementor-invisible\" data-id=\"c530e8a\" data-element_type=\"column\" data-settings=\"{&quot;background_background&quot;:&quot;classic&quot;,&quot;animation&quot;:&quot;fadeIn&quot;}\">\n\t\t\t<div class=\"elementor-widget-wrap\">\n\t\t\t\t\t\t\t<\/div>\n\t\t<\/div>\n\t\t\t\t\t<\/div>\n\t\t<\/header>\n\t\t\t\t<section class=\"elementor-section elementor-top-section elementor-element elementor-element-5fa3e39 elementor-section-boxed elementor-section-height-default elementor-section-height-default\" data-id=\"5fa3e39\" data-element_type=\"section\">\n\t\t\t\t\t\t<div class=\"elementor-container elementor-column-gap-default\">\n\t\t\t\t\t<div class=\"elementor-column elementor-col-100 elementor-top-column elementor-element elementor-element-9139665\" data-id=\"9139665\" data-element_type=\"column\">\n\t\t\t<div class=\"elementor-widget-wrap elementor-element-populated\">\n\t\t\t\t\t\t<div class=\"elementor-element elementor-element-096b938 elementor-widget elementor-widget-text-editor\" data-id=\"096b938\" data-element_type=\"widget\" data-widget_type=\"text-editor.default\">\n\t\t\t\t<div class=\"elementor-widget-container\">\n\t\t\t<style>\/*! elementor - v3.23.0 - 15-07-2024 *\/\n.elementor-widget-text-editor.elementor-drop-cap-view-stacked .elementor-drop-cap{background-color:#69727d;color:#fff}.elementor-widget-text-editor.elementor-drop-cap-view-framed .elementor-drop-cap{color:#69727d;border:3px solid;background-color:transparent}.elementor-widget-text-editor:not(.elementor-drop-cap-view-default) .elementor-drop-cap{margin-top:8px}.elementor-widget-text-editor:not(.elementor-drop-cap-view-default) .elementor-drop-cap-letter{width:1em;height:1em}.elementor-widget-text-editor .elementor-drop-cap{float:left;text-align:center;line-height:1;font-size:50px}.elementor-widget-text-editor .elementor-drop-cap-letter{display:inline-block}<\/style>\t\t\t\t<div class=\"gmail_attr\"><b>&#8220;Hora de agir &#8211; educa\u00e7\u00e3o n\u00e3o formal por meio de m\u00e9todos internos e externos para capacitar a participa\u00e7\u00e3o ativa dos alunos&#8221;<\/b><\/div><div class=\"gmail_attr\">\u00a0<\/div><div class=\"gmail_attr\">As docentes Lu\u00edsa Gon\u00e7alves e Margarida Almeida participaram num curso estruturado &#8220;Hora de agir &#8211; educa\u00e7\u00e3o n\u00e3o formal por meio de m\u00e9todos internos e externos para capacitar a participa\u00e7\u00e3o ativa dos alunos&#8221;, de 24 de fevereiro a 1 de mar\u00e7o 2025, em Svolvaer, Noruega, no \u00e2mbito do programa Erasmus, projeto n\u00ba\u00a02024-1-PT01-KA121-SCH-<wbr \/>000208023.<\/div>\t\t\t\t\t\t<\/div>\n\t\t\t\t<\/div>\n\t\t\t\t\t<\/div>\n\t\t<\/div>\n\t\t\t\t\t<\/div>\n\t\t<\/section>\n\t\t\t\t<section class=\"elementor-section elementor-top-section elementor-element elementor-element-ba395e2 elementor-section-boxed elementor-section-height-default elementor-section-height-default\" data-id=\"ba395e2\" data-element_type=\"section\">\n\t\t\t\t\t\t<div class=\"elementor-container elementor-column-gap-default\">\n\t\t\t\t\t<div class=\"elementor-column elementor-col-100 elementor-top-column elementor-element elementor-element-85e2b97\" data-id=\"85e2b97\" data-element_type=\"column\">\n\t\t\t<div class=\"elementor-widget-wrap elementor-element-populated\">\n\t\t\t\t\t\t<div class=\"elementor-element elementor-element-d37b215 elementor-widget elementor-widget-image\" data-id=\"d37b215\" data-element_type=\"widget\" data-widget_type=\"image.default\">\n\t\t\t\t<div class=\"elementor-widget-container\">\n\t\t\t<style>\/*! elementor - v3.23.0 - 15-07-2024 *\/\n.elementor-widget-image{text-align:center}.elementor-widget-image a{display:inline-block}.elementor-widget-image a img[src$=\".svg\"]{width:48px}.elementor-widget-image img{vertical-align:middle;display:inline-block}<\/style>\t\t\t\t\t\t\t\t\t\t<img fetchpriority=\"high\" decoding=\"async\" width=\"1024\" height=\"768\" src=\"https:\/\/www.aevc.edu.pt\/aevc_1\/wp-content\/uploads\/2025\/03\/IMG-20250227-WA0344-1024x768.jpg\" class=\"attachment-large size-large wp-image-4933\" alt=\"\" srcset=\"https:\/\/www.aevc.edu.pt\/aevc_1\/wp-content\/uploads\/2025\/03\/IMG-20250227-WA0344-1024x768.jpg 1024w, https:\/\/www.aevc.edu.pt\/aevc_1\/wp-content\/uploads\/2025\/03\/IMG-20250227-WA0344-300x225.jpg 300w, https:\/\/www.aevc.edu.pt\/aevc_1\/wp-content\/uploads\/2025\/03\/IMG-20250227-WA0344-768x576.jpg 768w, https:\/\/www.aevc.edu.pt\/aevc_1\/wp-content\/uploads\/2025\/03\/IMG-20250227-WA0344-1536x1152.jpg 1536w, https:\/\/www.aevc.edu.pt\/aevc_1\/wp-content\/uploads\/2025\/03\/IMG-20250227-WA0344.jpg 1600w\" sizes=\"(max-width: 1024px) 100vw, 1024px\" \/>\t\t\t\t\t\t\t\t\t\t\t\t\t<\/div>\n\t\t\t\t<\/div>\n\t\t\t\t\t<\/div>\n\t\t<\/div>\n\t\t\t\t\t<\/div>\n\t\t<\/section>\n\t\t\t\t<\/div>\n\t\t","protected":false},"excerpt":{"rendered":"<p>Erasmus+ &#8211; Hora de agir &#8220;Hora de agir &#8211; educa\u00e7\u00e3o n\u00e3o formal por meio de m\u00e9todos internos e externos para capacitar a participa\u00e7\u00e3o ativa dos alunos&#8221;\u00a0As docentes Lu\u00edsa Gon\u00e7alves e&#8230;<\/p>\n","protected":false},"author":1,"featured_media":0,"comment_status":"open","ping_status":"open","sticky":false,"template":"","format":"standard","meta":{"_kadence_starter_templates_imported_post":false,"_kad_post_transparent":"","_kad_post_title":"","_kad_post_layout":"","_kad_post_sidebar_id":"","_kad_post_content_style":"","_kad_post_vertical_padding":"","_kad_post_feature":"","_kad_post_feature_position":"","_kad_post_header":false,"_kad_post_footer":false,"_kad_post_classname":"","footnotes":""},"categories":[1],"tags":[],"class_list":["post-4931","post","type-post","status-publish","format-standard","hentry","category-sem-categoria"],"yoast_head":"<!-- This site is optimized with the Yoast SEO plugin v23.0 - https:\/\/yoast.com\/wordpress\/plugins\/seo\/ -->\n<title>Hora de agir - Agrupamento de Escolas de Vila Cova<\/title>\n<meta name=\"robots\" content=\"index, follow, max-snippet:-1, max-image-preview:large, max-video-preview:-1\" \/>\n<link rel=\"canonical\" href=\"https:\/\/www.aevc.edu.pt\/aevc_1\/2025\/03\/06\/hora-de-agir\/\" \/>\n<meta property=\"og:locale\" content=\"pt_PT\" \/>\n<meta property=\"og:type\" content=\"article\" \/>\n<meta property=\"og:title\" content=\"Hora de agir - Agrupamento de Escolas de Vila Cova\" \/>\n<meta property=\"og:description\" content=\"Erasmus+ &#8211; Hora de agir &#8220;Hora de agir &#8211; educa\u00e7\u00e3o n\u00e3o formal por meio de m\u00e9todos internos e externos para capacitar a participa\u00e7\u00e3o ativa dos alunos&#8221;\u00a0As docentes Lu\u00edsa Gon\u00e7alves e...\" \/>\n<meta property=\"og:url\" content=\"https:\/\/www.aevc.edu.pt\/aevc_1\/2025\/03\/06\/hora-de-agir\/\" \/>\n<meta property=\"og:site_name\" content=\"Agrupamento de Escolas de Vila Cova\" \/>\n<meta property=\"article:published_time\" content=\"2025-03-06T13:07:57+00:00\" \/>\n<meta property=\"article:modified_time\" content=\"2025-03-06T13:12:41+00:00\" \/>\n<meta property=\"og:image\" content=\"http:\/\/www.aevc.edu.pt\/aevc_1\/wp-content\/uploads\/2025\/03\/IMG-20250227-WA0344-1024x768.jpg\" \/>\n<meta name=\"author\" content=\"jog\" \/>\n<meta name=\"twitter:card\" content=\"summary_large_image\" \/>\n<meta name=\"twitter:label1\" content=\"Written by\" \/>\n\t<meta name=\"twitter:data1\" content=\"\" \/>\n\t<meta name=\"twitter:label2\" content=\"Est. reading time\" \/>\n\t<meta name=\"twitter:data2\" content=\"1 minuto\" \/>\n<script type=\"application\/ld+json\" class=\"yoast-schema-graph\">{\"@context\":\"https:\/\/schema.org\",\"@graph\":[{\"@type\":\"Article\",\"@id\":\"https:\/\/www.aevc.edu.pt\/aevc_1\/2025\/03\/06\/hora-de-agir\/#article\",\"isPartOf\":{\"@id\":\"https:\/\/www.aevc.edu.pt\/aevc_1\/2025\/03\/06\/hora-de-agir\/\"},\"author\":{\"name\":\"jog\",\"@id\":\"http:\/\/www.aevc.edu.pt\/aevc_1\/#\/schema\/person\/e6134488808256392eebb7b7be1f64ef\"},\"headline\":\"Hora de agir\",\"datePublished\":\"2025-03-06T13:07:57+00:00\",\"dateModified\":\"2025-03-06T13:12:41+00:00\",\"mainEntityOfPage\":{\"@id\":\"https:\/\/www.aevc.edu.pt\/aevc_1\/2025\/03\/06\/hora-de-agir\/\"},\"wordCount\":92,\"commentCount\":0,\"publisher\":{\"@id\":\"http:\/\/www.aevc.edu.pt\/aevc_1\/#organization\"},\"image\":{\"@id\":\"https:\/\/www.aevc.edu.pt\/aevc_1\/2025\/03\/06\/hora-de-agir\/#primaryimage\"},\"thumbnailUrl\":\"http:\/\/www.aevc.edu.pt\/aevc_1\/wp-content\/uploads\/2025\/03\/IMG-20250227-WA0344-1024x768.jpg\",\"inLanguage\":\"pt-PT\",\"potentialAction\":[{\"@type\":\"CommentAction\",\"name\":\"Comment\",\"target\":[\"https:\/\/www.aevc.edu.pt\/aevc_1\/2025\/03\/06\/hora-de-agir\/#respond\"]}]},{\"@type\":\"WebPage\",\"@id\":\"https:\/\/www.aevc.edu.pt\/aevc_1\/2025\/03\/06\/hora-de-agir\/\",\"url\":\"https:\/\/www.aevc.edu.pt\/aevc_1\/2025\/03\/06\/hora-de-agir\/\",\"name\":\"Hora de agir - Agrupamento de Escolas de Vila Cova\",\"isPartOf\":{\"@id\":\"http:\/\/www.aevc.edu.pt\/aevc_1\/#website\"},\"primaryImageOfPage\":{\"@id\":\"https:\/\/www.aevc.edu.pt\/aevc_1\/2025\/03\/06\/hora-de-agir\/#primaryimage\"},\"image\":{\"@id\":\"https:\/\/www.aevc.edu.pt\/aevc_1\/2025\/03\/06\/hora-de-agir\/#primaryimage\"},\"thumbnailUrl\":\"http:\/\/www.aevc.edu.pt\/aevc_1\/wp-content\/uploads\/2025\/03\/IMG-20250227-WA0344-1024x768.jpg\",\"datePublished\":\"2025-03-06T13:07:57+00:00\",\"dateModified\":\"2025-03-06T13:12:41+00:00\",\"breadcrumb\":{\"@id\":\"https:\/\/www.aevc.edu.pt\/aevc_1\/2025\/03\/06\/hora-de-agir\/#breadcrumb\"},\"inLanguage\":\"pt-PT\",\"potentialAction\":[{\"@type\":\"ReadAction\",\"target\":[\"https:\/\/www.aevc.edu.pt\/aevc_1\/2025\/03\/06\/hora-de-agir\/\"]}]},{\"@type\":\"ImageObject\",\"inLanguage\":\"pt-PT\",\"@id\":\"https:\/\/www.aevc.edu.pt\/aevc_1\/2025\/03\/06\/hora-de-agir\/#primaryimage\",\"url\":\"https:\/\/www.aevc.edu.pt\/aevc_1\/wp-content\/uploads\/2025\/03\/IMG-20250227-WA0344.jpg\",\"contentUrl\":\"https:\/\/www.aevc.edu.pt\/aevc_1\/wp-content\/uploads\/2025\/03\/IMG-20250227-WA0344.jpg\",\"width\":1600,\"height\":1200},{\"@type\":\"BreadcrumbList\",\"@id\":\"https:\/\/www.aevc.edu.pt\/aevc_1\/2025\/03\/06\/hora-de-agir\/#breadcrumb\",\"itemListElement\":[{\"@type\":\"ListItem\",\"position\":1,\"name\":\"In\u00edcio\",\"item\":\"http:\/\/www.aevc.edu.pt\/aevc_1\/\"},{\"@type\":\"ListItem\",\"position\":2,\"name\":\"Hora de agir\"}]},{\"@type\":\"WebSite\",\"@id\":\"http:\/\/www.aevc.edu.pt\/aevc_1\/#website\",\"url\":\"http:\/\/www.aevc.edu.pt\/aevc_1\/\",\"name\":\"Agrupamento de Escolas de Vila Cova\",\"description\":\"\",\"publisher\":{\"@id\":\"http:\/\/www.aevc.edu.pt\/aevc_1\/#organization\"},\"potentialAction\":[{\"@type\":\"SearchAction\",\"target\":{\"@type\":\"EntryPoint\",\"urlTemplate\":\"http:\/\/www.aevc.edu.pt\/aevc_1\/?s={search_term_string}\"},\"query-input\":\"required name=search_term_string\"}],\"inLanguage\":\"pt-PT\"},{\"@type\":\"Organization\",\"@id\":\"http:\/\/www.aevc.edu.pt\/aevc_1\/#organization\",\"name\":\"Agrupamento de Escolas de Vila Cova\",\"url\":\"http:\/\/www.aevc.edu.pt\/aevc_1\/\",\"logo\":{\"@type\":\"ImageObject\",\"inLanguage\":\"pt-PT\",\"@id\":\"http:\/\/www.aevc.edu.pt\/aevc_1\/#\/schema\/logo\/image\/\",\"url\":\"https:\/\/www.aevc.edu.pt\/aevc_1\/wp-content\/uploads\/2022\/09\/logo-final__1_-removebg-preview-removebg-preview.png\",\"contentUrl\":\"https:\/\/www.aevc.edu.pt\/aevc_1\/wp-content\/uploads\/2022\/09\/logo-final__1_-removebg-preview-removebg-preview.png\",\"width\":413,\"height\":151,\"caption\":\"Agrupamento de Escolas de Vila Cova\"},\"image\":{\"@id\":\"http:\/\/www.aevc.edu.pt\/aevc_1\/#\/schema\/logo\/image\/\"}},{\"@type\":\"Person\",\"@id\":\"http:\/\/www.aevc.edu.pt\/aevc_1\/#\/schema\/person\/e6134488808256392eebb7b7be1f64ef\",\"name\":\"jog\",\"image\":{\"@type\":\"ImageObject\",\"inLanguage\":\"pt-PT\",\"@id\":\"http:\/\/www.aevc.edu.pt\/aevc_1\/#\/schema\/person\/image\/\",\"url\":\"https:\/\/secure.gravatar.com\/avatar\/32799c427952668df7f433c7120d902265a817bb41f54b736d6b830fb3f7a91e?s=96&d=mm&r=g\",\"contentUrl\":\"https:\/\/secure.gravatar.com\/avatar\/32799c427952668df7f433c7120d902265a817bb41f54b736d6b830fb3f7a91e?s=96&d=mm&r=g\",\"caption\":\"jog\"},\"sameAs\":[\"http:\/\/localhost\/aevc_1\"],\"url\":\"https:\/\/www.aevc.edu.pt\/aevc_1\/author\/jog\/\"}]}<\/script>\n<!-- \/ Yoast SEO plugin. -->","yoast_head_json":{"title":"Hora de agir - Agrupamento de Escolas de Vila Cova","robots":{"index":"index","follow":"follow","max-snippet":"max-snippet:-1","max-image-preview":"max-image-preview:large","max-video-preview":"max-video-preview:-1"},"canonical":"https:\/\/www.aevc.edu.pt\/aevc_1\/2025\/03\/06\/hora-de-agir\/","og_locale":"pt_PT","og_type":"article","og_title":"Hora de agir - Agrupamento de Escolas de Vila Cova","og_description":"Erasmus+ &#8211; Hora de agir &#8220;Hora de agir &#8211; educa\u00e7\u00e3o n\u00e3o formal por meio de m\u00e9todos internos e externos para capacitar a participa\u00e7\u00e3o ativa dos alunos&#8221;\u00a0As docentes Lu\u00edsa Gon\u00e7alves e...","og_url":"https:\/\/www.aevc.edu.pt\/aevc_1\/2025\/03\/06\/hora-de-agir\/","og_site_name":"Agrupamento de Escolas de Vila Cova","article_published_time":"2025-03-06T13:07:57+00:00","article_modified_time":"2025-03-06T13:12:41+00:00","og_image":[{"url":"http:\/\/www.aevc.edu.pt\/aevc_1\/wp-content\/uploads\/2025\/03\/IMG-20250227-WA0344-1024x768.jpg"}],"author":"jog","twitter_card":"summary_large_image","twitter_misc":{"Written by":false,"Est. reading time":"1 minuto"},"schema":{"@context":"https:\/\/schema.org","@graph":[{"@type":"Article","@id":"https:\/\/www.aevc.edu.pt\/aevc_1\/2025\/03\/06\/hora-de-agir\/#article","isPartOf":{"@id":"https:\/\/www.aevc.edu.pt\/aevc_1\/2025\/03\/06\/hora-de-agir\/"},"author":{"name":"jog","@id":"http:\/\/www.aevc.edu.pt\/aevc_1\/#\/schema\/person\/e6134488808256392eebb7b7be1f64ef"},"headline":"Hora de agir","datePublished":"2025-03-06T13:07:57+00:00","dateModified":"2025-03-06T13:12:41+00:00","mainEntityOfPage":{"@id":"https:\/\/www.aevc.edu.pt\/aevc_1\/2025\/03\/06\/hora-de-agir\/"},"wordCount":92,"commentCount":0,"publisher":{"@id":"http:\/\/www.aevc.edu.pt\/aevc_1\/#organization"},"image":{"@id":"https:\/\/www.aevc.edu.pt\/aevc_1\/2025\/03\/06\/hora-de-agir\/#primaryimage"},"thumbnailUrl":"http:\/\/www.aevc.edu.pt\/aevc_1\/wp-content\/uploads\/2025\/03\/IMG-20250227-WA0344-1024x768.jpg","inLanguage":"pt-PT","potentialAction":[{"@type":"CommentAction","name":"Comment","target":["https:\/\/www.aevc.edu.pt\/aevc_1\/2025\/03\/06\/hora-de-agir\/#respond"]}]},{"@type":"WebPage","@id":"https:\/\/www.aevc.edu.pt\/aevc_1\/2025\/03\/06\/hora-de-agir\/","url":"https:\/\/www.aevc.edu.pt\/aevc_1\/2025\/03\/06\/hora-de-agir\/","name":"Hora de agir - Agrupamento de Escolas de Vila Cova","isPartOf":{"@id":"http:\/\/www.aevc.edu.pt\/aevc_1\/#website"},"primaryImageOfPage":{"@id":"https:\/\/www.aevc.edu.pt\/aevc_1\/2025\/03\/06\/hora-de-agir\/#primaryimage"},"image":{"@id":"https:\/\/www.aevc.edu.pt\/aevc_1\/2025\/03\/06\/hora-de-agir\/#primaryimage"},"thumbnailUrl":"http:\/\/www.aevc.edu.pt\/aevc_1\/wp-content\/uploads\/2025\/03\/IMG-20250227-WA0344-1024x768.jpg","datePublished":"2025-03-06T13:07:57+00:00","dateModified":"2025-03-06T13:12:41+00:00","breadcrumb":{"@id":"https:\/\/www.aevc.edu.pt\/aevc_1\/2025\/03\/06\/hora-de-agir\/#breadcrumb"},"inLanguage":"pt-PT","potentialAction":[{"@type":"ReadAction","target":["https:\/\/www.aevc.edu.pt\/aevc_1\/2025\/03\/06\/hora-de-agir\/"]}]},{"@type":"ImageObject","inLanguage":"pt-PT","@id":"https:\/\/www.aevc.edu.pt\/aevc_1\/2025\/03\/06\/hora-de-agir\/#primaryimage","url":"https:\/\/www.aevc.edu.pt\/aevc_1\/wp-content\/uploads\/2025\/03\/IMG-20250227-WA0344.jpg","contentUrl":"https:\/\/www.aevc.edu.pt\/aevc_1\/wp-content\/uploads\/2025\/03\/IMG-20250227-WA0344.jpg","width":1600,"height":1200},{"@type":"BreadcrumbList","@id":"https:\/\/www.aevc.edu.pt\/aevc_1\/2025\/03\/06\/hora-de-agir\/#breadcrumb","itemListElement":[{"@type":"ListItem","position":1,"name":"In\u00edcio","item":"http:\/\/www.aevc.edu.pt\/aevc_1\/"},{"@type":"ListItem","position":2,"name":"Hora de agir"}]},{"@type":"WebSite","@id":"http:\/\/www.aevc.edu.pt\/aevc_1\/#website","url":"http:\/\/www.aevc.edu.pt\/aevc_1\/","name":"Agrupamento de Escolas de Vila Cova","description":"","publisher":{"@id":"http:\/\/www.aevc.edu.pt\/aevc_1\/#organization"},"potentialAction":[{"@type":"SearchAction","target":{"@type":"EntryPoint","urlTemplate":"http:\/\/www.aevc.edu.pt\/aevc_1\/?s={search_term_string}"},"query-input":"required name=search_term_string"}],"inLanguage":"pt-PT"},{"@type":"Organization","@id":"http:\/\/www.aevc.edu.pt\/aevc_1\/#organization","name":"Agrupamento de Escolas de Vila Cova","url":"http:\/\/www.aevc.edu.pt\/aevc_1\/","logo":{"@type":"ImageObject","inLanguage":"pt-PT","@id":"http:\/\/www.aevc.edu.pt\/aevc_1\/#\/schema\/logo\/image\/","url":"https:\/\/www.aevc.edu.pt\/aevc_1\/wp-content\/uploads\/2022\/09\/logo-final__1_-removebg-preview-removebg-preview.png","contentUrl":"https:\/\/www.aevc.edu.pt\/aevc_1\/wp-content\/uploads\/2022\/09\/logo-final__1_-removebg-preview-removebg-preview.png","width":413,"height":151,"caption":"Agrupamento de Escolas de Vila Cova"},"image":{"@id":"http:\/\/www.aevc.edu.pt\/aevc_1\/#\/schema\/logo\/image\/"}},{"@type":"Person","@id":"http:\/\/www.aevc.edu.pt\/aevc_1\/#\/schema\/person\/e6134488808256392eebb7b7be1f64ef","name":"jog","image":{"@type":"ImageObject","inLanguage":"pt-PT","@id":"http:\/\/www.aevc.edu.pt\/aevc_1\/#\/schema\/person\/image\/","url":"https:\/\/secure.gravatar.com\/avatar\/32799c427952668df7f433c7120d902265a817bb41f54b736d6b830fb3f7a91e?s=96&d=mm&r=g","contentUrl":"https:\/\/secure.gravatar.com\/avatar\/32799c427952668df7f433c7120d902265a817bb41f54b736d6b830fb3f7a91e?s=96&d=mm&r=g","caption":"jog"},"sameAs":["http:\/\/localhost\/aevc_1"],"url":"https:\/\/www.aevc.edu.pt\/aevc_1\/author\/jog\/"}]}},"_links":{"self":[{"href":"https:\/\/www.aevc.edu.pt\/aevc_1\/wp-json\/wp\/v2\/posts\/4931","targetHints":{"allow":["GET"]}}],"collection":[{"href":"https:\/\/www.aevc.edu.pt\/aevc_1\/wp-json\/wp\/v2\/posts"}],"about":[{"href":"https:\/\/www.aevc.edu.pt\/aevc_1\/wp-json\/wp\/v2\/types\/post"}],"author":[{"embeddable":true,"href":"https:\/\/www.aevc.edu.pt\/aevc_1\/wp-json\/wp\/v2\/users\/1"}],"replies":[{"embeddable":true,"href":"https:\/\/www.aevc.edu.pt\/aevc_1\/wp-json\/wp\/v2\/comments?post=4931"}],"version-history":[{"count":5,"href":"https:\/\/www.aevc.edu.pt\/aevc_1\/wp-json\/wp\/v2\/posts\/4931\/revisions"}],"predecessor-version":[{"id":4941,"href":"https:\/\/www.aevc.edu.pt\/aevc_1\/wp-json\/wp\/v2\/posts\/4931\/revisions\/4941"}],"wp:attachment":[{"href":"https:\/\/www.aevc.edu.pt\/aevc_1\/wp-json\/wp\/v2\/media?parent=4931"}],"wp:term":[{"taxonomy":"category","embeddable":true,"href":"https:\/\/www.aevc.edu.pt\/aevc_1\/wp-json\/wp\/v2\/categories?post=4931"},{"taxonomy":"post_tag","embeddable":true,"href":"https:\/\/www.aevc.edu.pt\/aevc_1\/wp-json\/wp\/v2\/tags?post=4931"}],"curies":[{"name":"wp","href":"https:\/\/api.w.org\/{rel}","templated":true}]}}