{"id":5535,"date":"2026-03-11T15:27:42","date_gmt":"2026-03-11T15:27:42","guid":{"rendered":"http:\/\/www.aevc.edu.pt\/aevc_1\/?p=5535"},"modified":"2026-03-11T15:35:04","modified_gmt":"2026-03-11T15:35:04","slug":"erasmus-week","status":"publish","type":"post","link":"http:\/\/www.aevc.edu.pt\/aevc_1\/2026\/03\/11\/erasmus-week\/","title":{"rendered":"Erasmus week"},"content":{"rendered":"\t\t<div data-elementor-type=\"wp-post\" data-elementor-id=\"5535\" class=\"elementor elementor-5535\">\n\t\t\t\t\t\t<header class=\"elementor-section elementor-top-section elementor-element elementor-element-b9094c3 elementor-section-height-min-height elementor-section-items-bottom elementor-section-boxed elementor-section-height-default\" data-id=\"b9094c3\" data-element_type=\"section\" data-settings=\"{&quot;background_background&quot;:&quot;slideshow&quot;,&quot;background_slideshow_gallery&quot;:[{&quot;id&quot;:3447,&quot;url&quot;:&quot;http:\\\/\\\/www.aevc.edu.pt\\\/aevc_1\\\/wp-content\\\/uploads\\\/2022\\\/11\\\/mosaico1-1.jpg&quot;},{&quot;id&quot;:3448,&quot;url&quot;:&quot;http:\\\/\\\/www.aevc.edu.pt\\\/aevc_1\\\/wp-content\\\/uploads\\\/2022\\\/11\\\/mosaico2-1.jpg&quot;},{&quot;id&quot;:3450,&quot;url&quot;:&quot;http:\\\/\\\/www.aevc.edu.pt\\\/aevc_1\\\/wp-content\\\/uploads\\\/2022\\\/11\\\/mosaico3-1.jpg&quot;}],&quot;background_slideshow_lazyload&quot;:&quot;yes&quot;,&quot;background_slideshow_ken_burns&quot;:&quot;yes&quot;,&quot;background_slideshow_loop&quot;:&quot;yes&quot;,&quot;background_slideshow_slide_duration&quot;:5000,&quot;background_slideshow_slide_transition&quot;:&quot;fade&quot;,&quot;background_slideshow_transition_duration&quot;:500,&quot;background_slideshow_ken_burns_zoom_direction&quot;:&quot;in&quot;}\">\n\t\t\t\t\t\t\t<div class=\"elementor-background-overlay\"><\/div>\n\t\t\t\t\t\t\t<div class=\"elementor-container elementor-column-gap-wider\">\n\t\t\t\t\t<div class=\"elementor-column elementor-col-50 elementor-top-column elementor-element elementor-element-08f222f\" data-id=\"08f222f\" data-element_type=\"column\">\n\t\t\t<div class=\"elementor-widget-wrap elementor-element-populated\">\n\t\t\t\t\t\t<div class=\"elementor-element elementor-element-aa68892 elementor-widget elementor-widget-heading\" data-id=\"aa68892\" data-element_type=\"widget\" data-widget_type=\"heading.default\">\n\t\t\t\t<div class=\"elementor-widget-container\">\n\t\t\t<style>\/*! elementor - v3.23.0 - 15-07-2024 *\/\n.elementor-heading-title{padding:0;margin:0;line-height:1}.elementor-widget-heading .elementor-heading-title[class*=elementor-size-]>a{color:inherit;font-size:inherit;line-height:inherit}.elementor-widget-heading .elementor-heading-title.elementor-size-small{font-size:15px}.elementor-widget-heading .elementor-heading-title.elementor-size-medium{font-size:19px}.elementor-widget-heading .elementor-heading-title.elementor-size-large{font-size:29px}.elementor-widget-heading .elementor-heading-title.elementor-size-xl{font-size:39px}.elementor-widget-heading .elementor-heading-title.elementor-size-xxl{font-size:59px}<\/style><h4 class=\"elementor-heading-title elementor-size-small\">Erasmus week<\/h4>\t\t<\/div>\n\t\t\t\t<\/div>\n\t\t\t\t\t<\/div>\n\t\t<\/div>\n\t\t\t\t<div class=\"elementor-column elementor-col-50 elementor-top-column elementor-element elementor-element-d7aefa6 elementor-invisible\" data-id=\"d7aefa6\" data-element_type=\"column\" data-settings=\"{&quot;background_background&quot;:&quot;classic&quot;,&quot;animation&quot;:&quot;fadeIn&quot;}\">\n\t\t\t<div class=\"elementor-widget-wrap\">\n\t\t\t\t\t\t\t<\/div>\n\t\t<\/div>\n\t\t\t\t\t<\/div>\n\t\t<\/header>\n\t\t\t\t<section class=\"elementor-section elementor-top-section elementor-element elementor-element-8afabcf elementor-section-boxed elementor-section-height-default elementor-section-height-default\" data-id=\"8afabcf\" data-element_type=\"section\">\n\t\t\t\t\t\t<div class=\"elementor-container elementor-column-gap-default\">\n\t\t\t\t\t<div class=\"elementor-column elementor-col-100 elementor-top-column elementor-element elementor-element-579e033\" data-id=\"579e033\" data-element_type=\"column\">\n\t\t\t<div class=\"elementor-widget-wrap elementor-element-populated\">\n\t\t\t\t\t\t<div class=\"elementor-element elementor-element-005b666 elementor-widget elementor-widget-text-editor\" data-id=\"005b666\" data-element_type=\"widget\" data-widget_type=\"text-editor.default\">\n\t\t\t\t<div class=\"elementor-widget-container\">\n\t\t\t<style>\/*! elementor - v3.23.0 - 15-07-2024 *\/\n.elementor-widget-text-editor.elementor-drop-cap-view-stacked .elementor-drop-cap{background-color:#69727d;color:#fff}.elementor-widget-text-editor.elementor-drop-cap-view-framed .elementor-drop-cap{color:#69727d;border:3px solid;background-color:transparent}.elementor-widget-text-editor:not(.elementor-drop-cap-view-default) .elementor-drop-cap{margin-top:8px}.elementor-widget-text-editor:not(.elementor-drop-cap-view-default) .elementor-drop-cap-letter{width:1em;height:1em}.elementor-widget-text-editor .elementor-drop-cap{float:left;text-align:center;line-height:1;font-size:50px}.elementor-widget-text-editor .elementor-drop-cap-letter{display:inline-block}<\/style>\t\t\t\t<p><strong>Agrupamento de Escolas de Vila Cova recebe alunos da B\u00e9lgica, Lanzarote e Ch\u00e9quia em mobilidade internacional<\/strong><\/p>\t\t\t\t\t\t<\/div>\n\t\t\t\t<\/div>\n\t\t\t\t<div class=\"elementor-element elementor-element-5140181 elementor-widget elementor-widget-text-editor\" data-id=\"5140181\" data-element_type=\"widget\" data-widget_type=\"text-editor.default\">\n\t\t\t\t<div class=\"elementor-widget-container\">\n\t\t\t\t\t\t\t<p>O Agrupamento de Escolas de Vila Cova est\u00e1 a acolher, entre os dias 2 e 6 de mar\u00e7o, tr\u00eas mobilidades de grupo de alunos provenientes da B\u00e9lgica, de Lanzarote (Espanha) e da Ch\u00e9quia. A iniciativa integra um programa de interc\u00e2mbio educativo que promove o contacto entre diferentes realidades escolares e culturais no espa\u00e7o europeu, valorizando tamb\u00e9m a digitaliza\u00e7\u00e3o e a utiliza\u00e7\u00e3o de ferramentas digitais no processo de aprendizagem e colabora\u00e7\u00e3o entre escolas.<\/p><p>Durante esta semana, alunos e professores visitantes t\u00eam a oportunidade de conhecer o funcionamento do sistema educativo portugu\u00eas, bem como participar em diversas atividades pedag\u00f3gicas e culturais organizadas pela comunidade escolar anfitri\u00e3. O objetivo destas mobilidades passa por incentivar a partilha de experi\u00eancias, fomentar a inclus\u00e3o, promover a toler\u00e2ncia e fortalecer la\u00e7os de amizade entre jovens de diferentes pa\u00edses.<\/p><p>A dimens\u00e3o europeia da educa\u00e7\u00e3o \u00e9 tamb\u00e9m um dos pilares desta iniciativa, contribuindo para refor\u00e7ar a consci\u00eancia europeia dos participantes e o respeito pela diversidade cultural.<\/p><p>No \u00e2mbito do programa, est\u00e1 prevista para a manh\u00e3 desta quinta-feira uma visita \u00e0 cidade de Barcelos, onde os alunos ter\u00e3o a oportunidade de conhecer alguns dos seus costumes e tradi\u00e7\u00f5es, bem como explorar o patrim\u00f3nio cultural local.<\/p><p>Estas mobilidades constituem uma oportunidade enriquecedora para todos os envolvidos, refor\u00e7ando o papel da escola como espa\u00e7o de encontro, aprendizagem e coopera\u00e7\u00e3o internacional.\u00a0<\/p>\t\t\t\t\t\t<\/div>\n\t\t\t\t<\/div>\n\t\t\t\t\t<\/div>\n\t\t<\/div>\n\t\t\t\t\t<\/div>\n\t\t<\/section>\n\t\t\t\t<section class=\"elementor-section elementor-top-section elementor-element elementor-element-d91345c elementor-section-boxed elementor-section-height-default elementor-section-height-default\" data-id=\"d91345c\" data-element_type=\"section\">\n\t\t\t\t\t\t<div class=\"elementor-container elementor-column-gap-default\">\n\t\t\t\t\t<div class=\"elementor-column elementor-col-100 elementor-top-column elementor-element elementor-element-4330061\" data-id=\"4330061\" data-element_type=\"column\">\n\t\t\t<div class=\"elementor-widget-wrap elementor-element-populated\">\n\t\t\t\t\t\t<div class=\"elementor-element elementor-element-cd0ecd8 elementor-widget elementor-widget-image\" data-id=\"cd0ecd8\" data-element_type=\"widget\" data-widget_type=\"image.default\">\n\t\t\t\t<div class=\"elementor-widget-container\">\n\t\t\t<style>\/*! elementor - v3.23.0 - 15-07-2024 *\/\n.elementor-widget-image{text-align:center}.elementor-widget-image a{display:inline-block}.elementor-widget-image a img[src$=\".svg\"]{width:48px}.elementor-widget-image img{vertical-align:middle;display:inline-block}<\/style>\t\t\t\t\t\t\t\t\t\t<img fetchpriority=\"high\" decoding=\"async\" width=\"1024\" height=\"631\" src=\"http:\/\/www.aevc.edu.pt\/aevc_1\/wp-content\/uploads\/2026\/03\/IMG_20260305_115940-1024x631.jpg\" class=\"attachment-large size-large wp-image-5538\" alt=\"\" srcset=\"http:\/\/www.aevc.edu.pt\/aevc_1\/wp-content\/uploads\/2026\/03\/IMG_20260305_115940-1024x631.jpg 1024w, http:\/\/www.aevc.edu.pt\/aevc_1\/wp-content\/uploads\/2026\/03\/IMG_20260305_115940-300x185.jpg 300w, http:\/\/www.aevc.edu.pt\/aevc_1\/wp-content\/uploads\/2026\/03\/IMG_20260305_115940-768x473.jpg 768w, http:\/\/www.aevc.edu.pt\/aevc_1\/wp-content\/uploads\/2026\/03\/IMG_20260305_115940-1536x946.jpg 1536w, http:\/\/www.aevc.edu.pt\/aevc_1\/wp-content\/uploads\/2026\/03\/IMG_20260305_115940.jpg 1961w\" sizes=\"(max-width: 1024px) 100vw, 1024px\" \/>\t\t\t\t\t\t\t\t\t\t\t\t\t<\/div>\n\t\t\t\t<\/div>\n\t\t\t\t\t<\/div>\n\t\t<\/div>\n\t\t\t\t\t<\/div>\n\t\t<\/section>\n\t\t\t\t<section class=\"elementor-section elementor-top-section elementor-element elementor-element-396db64 elementor-section-boxed elementor-section-height-default elementor-section-height-default\" data-id=\"396db64\" data-element_type=\"section\">\n\t\t\t\t\t\t<div class=\"elementor-container elementor-column-gap-default\">\n\t\t\t\t\t<div class=\"elementor-column elementor-col-100 elementor-top-column elementor-element elementor-element-e51bd58\" data-id=\"e51bd58\" data-element_type=\"column\">\n\t\t\t<div class=\"elementor-widget-wrap elementor-element-populated\">\n\t\t\t\t\t\t<div class=\"elementor-element elementor-element-f41a85f elementor-widget elementor-widget-image\" data-id=\"f41a85f\" data-element_type=\"widget\" data-widget_type=\"image.default\">\n\t\t\t\t<div class=\"elementor-widget-container\">\n\t\t\t\t\t\t\t\t\t\t\t\t\t<img decoding=\"async\" width=\"739\" height=\"1024\" src=\"http:\/\/www.aevc.edu.pt\/aevc_1\/wp-content\/uploads\/2026\/03\/IMG_20260305_115917-739x1024.jpg\" class=\"attachment-large size-large wp-image-5539\" alt=\"\" srcset=\"http:\/\/www.aevc.edu.pt\/aevc_1\/wp-content\/uploads\/2026\/03\/IMG_20260305_115917-739x1024.jpg 739w, http:\/\/www.aevc.edu.pt\/aevc_1\/wp-content\/uploads\/2026\/03\/IMG_20260305_115917-216x300.jpg 216w, http:\/\/www.aevc.edu.pt\/aevc_1\/wp-content\/uploads\/2026\/03\/IMG_20260305_115917-768x1064.jpg 768w, http:\/\/www.aevc.edu.pt\/aevc_1\/wp-content\/uploads\/2026\/03\/IMG_20260305_115917.jpg 1088w\" sizes=\"(max-width: 739px) 100vw, 739px\" \/>\t\t\t\t\t\t\t\t\t\t\t\t\t<\/div>\n\t\t\t\t<\/div>\n\t\t\t\t\t<\/div>\n\t\t<\/div>\n\t\t\t\t\t<\/div>\n\t\t<\/section>\n\t\t\t\t<\/div>\n\t\t","protected":false},"excerpt":{"rendered":"<p>Erasmus week Agrupamento de Escolas de Vila Cova recebe alunos da B\u00e9lgica, Lanzarote e Ch\u00e9quia em mobilidade internacional O Agrupamento de Escolas de Vila Cova est\u00e1 a acolher, entre os&#8230;<\/p>\n","protected":false},"author":1,"featured_media":0,"comment_status":"open","ping_status":"open","sticky":false,"template":"","format":"standard","meta":{"_kadence_starter_templates_imported_post":false,"_kad_post_transparent":"","_kad_post_title":"","_kad_post_layout":"","_kad_post_sidebar_id":"","_kad_post_content_style":"","_kad_post_vertical_padding":"","_kad_post_feature":"","_kad_post_feature_position":"","_kad_post_header":false,"_kad_post_footer":false,"_kad_post_classname":"","footnotes":""},"categories":[1],"tags":[],"class_list":["post-5535","post","type-post","status-publish","format-standard","hentry","category-sem-categoria"],"yoast_head":"<!-- This site is optimized with the Yoast SEO plugin v23.0 - https:\/\/yoast.com\/wordpress\/plugins\/seo\/ -->\n<title>Erasmus week - Agrupamento de Escolas de Vila Cova<\/title>\n<meta name=\"robots\" content=\"index, follow, max-snippet:-1, max-image-preview:large, max-video-preview:-1\" \/>\n<link rel=\"canonical\" href=\"https:\/\/www.aevc.edu.pt\/aevc_1\/2026\/03\/11\/erasmus-week\/\" \/>\n<meta property=\"og:locale\" content=\"pt_PT\" \/>\n<meta property=\"og:type\" content=\"article\" \/>\n<meta property=\"og:title\" content=\"Erasmus week - Agrupamento de Escolas de Vila Cova\" \/>\n<meta property=\"og:description\" content=\"Erasmus week Agrupamento de Escolas de Vila Cova recebe alunos da B\u00e9lgica, Lanzarote e Ch\u00e9quia em mobilidade internacional O Agrupamento de Escolas de Vila Cova est\u00e1 a acolher, entre os...\" \/>\n<meta property=\"og:url\" content=\"https:\/\/www.aevc.edu.pt\/aevc_1\/2026\/03\/11\/erasmus-week\/\" \/>\n<meta property=\"og:site_name\" content=\"Agrupamento de Escolas de Vila Cova\" \/>\n<meta property=\"article:published_time\" content=\"2026-03-11T15:27:42+00:00\" \/>\n<meta property=\"article:modified_time\" content=\"2026-03-11T15:35:04+00:00\" \/>\n<meta property=\"og:image\" content=\"http:\/\/www.aevc.edu.pt\/aevc_1\/wp-content\/uploads\/2026\/03\/IMG_20260305_115940-1024x631.jpg\" \/>\n<meta name=\"author\" content=\"jog\" \/>\n<meta name=\"twitter:card\" content=\"summary_large_image\" \/>\n<meta name=\"twitter:label1\" content=\"Written by\" \/>\n\t<meta name=\"twitter:data1\" content=\"\" \/>\n\t<meta name=\"twitter:label2\" content=\"Est. reading time\" \/>\n\t<meta name=\"twitter:data2\" content=\"2 minutos\" \/>\n<script type=\"application\/ld+json\" class=\"yoast-schema-graph\">{\"@context\":\"https:\/\/schema.org\",\"@graph\":[{\"@type\":\"Article\",\"@id\":\"https:\/\/www.aevc.edu.pt\/aevc_1\/2026\/03\/11\/erasmus-week\/#article\",\"isPartOf\":{\"@id\":\"https:\/\/www.aevc.edu.pt\/aevc_1\/2026\/03\/11\/erasmus-week\/\"},\"author\":{\"name\":\"jog\",\"@id\":\"http:\/\/www.aevc.edu.pt\/aevc_1\/#\/schema\/person\/e6134488808256392eebb7b7be1f64ef\"},\"headline\":\"Erasmus week\",\"datePublished\":\"2026-03-11T15:27:42+00:00\",\"dateModified\":\"2026-03-11T15:35:04+00:00\",\"mainEntityOfPage\":{\"@id\":\"https:\/\/www.aevc.edu.pt\/aevc_1\/2026\/03\/11\/erasmus-week\/\"},\"wordCount\":265,\"commentCount\":0,\"publisher\":{\"@id\":\"http:\/\/www.aevc.edu.pt\/aevc_1\/#organization\"},\"image\":{\"@id\":\"https:\/\/www.aevc.edu.pt\/aevc_1\/2026\/03\/11\/erasmus-week\/#primaryimage\"},\"thumbnailUrl\":\"http:\/\/www.aevc.edu.pt\/aevc_1\/wp-content\/uploads\/2026\/03\/IMG_20260305_115940-1024x631.jpg\",\"inLanguage\":\"pt-PT\",\"potentialAction\":[{\"@type\":\"CommentAction\",\"name\":\"Comment\",\"target\":[\"https:\/\/www.aevc.edu.pt\/aevc_1\/2026\/03\/11\/erasmus-week\/#respond\"]}]},{\"@type\":\"WebPage\",\"@id\":\"https:\/\/www.aevc.edu.pt\/aevc_1\/2026\/03\/11\/erasmus-week\/\",\"url\":\"https:\/\/www.aevc.edu.pt\/aevc_1\/2026\/03\/11\/erasmus-week\/\",\"name\":\"Erasmus week - Agrupamento de Escolas de Vila Cova\",\"isPartOf\":{\"@id\":\"http:\/\/www.aevc.edu.pt\/aevc_1\/#website\"},\"primaryImageOfPage\":{\"@id\":\"https:\/\/www.aevc.edu.pt\/aevc_1\/2026\/03\/11\/erasmus-week\/#primaryimage\"},\"image\":{\"@id\":\"https:\/\/www.aevc.edu.pt\/aevc_1\/2026\/03\/11\/erasmus-week\/#primaryimage\"},\"thumbnailUrl\":\"http:\/\/www.aevc.edu.pt\/aevc_1\/wp-content\/uploads\/2026\/03\/IMG_20260305_115940-1024x631.jpg\",\"datePublished\":\"2026-03-11T15:27:42+00:00\",\"dateModified\":\"2026-03-11T15:35:04+00:00\",\"breadcrumb\":{\"@id\":\"https:\/\/www.aevc.edu.pt\/aevc_1\/2026\/03\/11\/erasmus-week\/#breadcrumb\"},\"inLanguage\":\"pt-PT\",\"potentialAction\":[{\"@type\":\"ReadAction\",\"target\":[\"https:\/\/www.aevc.edu.pt\/aevc_1\/2026\/03\/11\/erasmus-week\/\"]}]},{\"@type\":\"ImageObject\",\"inLanguage\":\"pt-PT\",\"@id\":\"https:\/\/www.aevc.edu.pt\/aevc_1\/2026\/03\/11\/erasmus-week\/#primaryimage\",\"url\":\"http:\/\/www.aevc.edu.pt\/aevc_1\/wp-content\/uploads\/2026\/03\/IMG_20260305_115940.jpg\",\"contentUrl\":\"http:\/\/www.aevc.edu.pt\/aevc_1\/wp-content\/uploads\/2026\/03\/IMG_20260305_115940.jpg\",\"width\":1961,\"height\":1208},{\"@type\":\"BreadcrumbList\",\"@id\":\"https:\/\/www.aevc.edu.pt\/aevc_1\/2026\/03\/11\/erasmus-week\/#breadcrumb\",\"itemListElement\":[{\"@type\":\"ListItem\",\"position\":1,\"name\":\"In\u00edcio\",\"item\":\"https:\/\/www.aevc.edu.pt\/aevc_1\/\"},{\"@type\":\"ListItem\",\"position\":2,\"name\":\"Erasmus week\"}]},{\"@type\":\"WebSite\",\"@id\":\"http:\/\/www.aevc.edu.pt\/aevc_1\/#website\",\"url\":\"http:\/\/www.aevc.edu.pt\/aevc_1\/\",\"name\":\"Agrupamento de Escolas de Vila Cova\",\"description\":\"\",\"publisher\":{\"@id\":\"http:\/\/www.aevc.edu.pt\/aevc_1\/#organization\"},\"potentialAction\":[{\"@type\":\"SearchAction\",\"target\":{\"@type\":\"EntryPoint\",\"urlTemplate\":\"http:\/\/www.aevc.edu.pt\/aevc_1\/?s={search_term_string}\"},\"query-input\":\"required name=search_term_string\"}],\"inLanguage\":\"pt-PT\"},{\"@type\":\"Organization\",\"@id\":\"http:\/\/www.aevc.edu.pt\/aevc_1\/#organization\",\"name\":\"Agrupamento de Escolas de Vila Cova\",\"url\":\"http:\/\/www.aevc.edu.pt\/aevc_1\/\",\"logo\":{\"@type\":\"ImageObject\",\"inLanguage\":\"pt-PT\",\"@id\":\"http:\/\/www.aevc.edu.pt\/aevc_1\/#\/schema\/logo\/image\/\",\"url\":\"http:\/\/www.aevc.edu.pt\/aevc_1\/wp-content\/uploads\/2022\/09\/logo-final__1_-removebg-preview-removebg-preview.png\",\"contentUrl\":\"http:\/\/www.aevc.edu.pt\/aevc_1\/wp-content\/uploads\/2022\/09\/logo-final__1_-removebg-preview-removebg-preview.png\",\"width\":413,\"height\":151,\"caption\":\"Agrupamento de Escolas de Vila Cova\"},\"image\":{\"@id\":\"http:\/\/www.aevc.edu.pt\/aevc_1\/#\/schema\/logo\/image\/\"}},{\"@type\":\"Person\",\"@id\":\"http:\/\/www.aevc.edu.pt\/aevc_1\/#\/schema\/person\/e6134488808256392eebb7b7be1f64ef\",\"name\":\"jog\",\"image\":{\"@type\":\"ImageObject\",\"inLanguage\":\"pt-PT\",\"@id\":\"http:\/\/www.aevc.edu.pt\/aevc_1\/#\/schema\/person\/image\/\",\"url\":\"https:\/\/secure.gravatar.com\/avatar\/32799c427952668df7f433c7120d902265a817bb41f54b736d6b830fb3f7a91e?s=96&d=mm&r=g\",\"contentUrl\":\"https:\/\/secure.gravatar.com\/avatar\/32799c427952668df7f433c7120d902265a817bb41f54b736d6b830fb3f7a91e?s=96&d=mm&r=g\",\"caption\":\"jog\"},\"sameAs\":[\"http:\/\/localhost\/aevc_1\"],\"url\":\"http:\/\/www.aevc.edu.pt\/aevc_1\/author\/jog\/\"}]}<\/script>\n<!-- \/ Yoast SEO plugin. -->","yoast_head_json":{"title":"Erasmus week - Agrupamento de Escolas de Vila Cova","robots":{"index":"index","follow":"follow","max-snippet":"max-snippet:-1","max-image-preview":"max-image-preview:large","max-video-preview":"max-video-preview:-1"},"canonical":"https:\/\/www.aevc.edu.pt\/aevc_1\/2026\/03\/11\/erasmus-week\/","og_locale":"pt_PT","og_type":"article","og_title":"Erasmus week - Agrupamento de Escolas de Vila Cova","og_description":"Erasmus week Agrupamento de Escolas de Vila Cova recebe alunos da B\u00e9lgica, Lanzarote e Ch\u00e9quia em mobilidade internacional O Agrupamento de Escolas de Vila Cova est\u00e1 a acolher, entre os...","og_url":"https:\/\/www.aevc.edu.pt\/aevc_1\/2026\/03\/11\/erasmus-week\/","og_site_name":"Agrupamento de Escolas de Vila Cova","article_published_time":"2026-03-11T15:27:42+00:00","article_modified_time":"2026-03-11T15:35:04+00:00","og_image":[{"url":"http:\/\/www.aevc.edu.pt\/aevc_1\/wp-content\/uploads\/2026\/03\/IMG_20260305_115940-1024x631.jpg"}],"author":"jog","twitter_card":"summary_large_image","twitter_misc":{"Written by":false,"Est. reading time":"2 minutos"},"schema":{"@context":"https:\/\/schema.org","@graph":[{"@type":"Article","@id":"https:\/\/www.aevc.edu.pt\/aevc_1\/2026\/03\/11\/erasmus-week\/#article","isPartOf":{"@id":"https:\/\/www.aevc.edu.pt\/aevc_1\/2026\/03\/11\/erasmus-week\/"},"author":{"name":"jog","@id":"http:\/\/www.aevc.edu.pt\/aevc_1\/#\/schema\/person\/e6134488808256392eebb7b7be1f64ef"},"headline":"Erasmus week","datePublished":"2026-03-11T15:27:42+00:00","dateModified":"2026-03-11T15:35:04+00:00","mainEntityOfPage":{"@id":"https:\/\/www.aevc.edu.pt\/aevc_1\/2026\/03\/11\/erasmus-week\/"},"wordCount":265,"commentCount":0,"publisher":{"@id":"http:\/\/www.aevc.edu.pt\/aevc_1\/#organization"},"image":{"@id":"https:\/\/www.aevc.edu.pt\/aevc_1\/2026\/03\/11\/erasmus-week\/#primaryimage"},"thumbnailUrl":"http:\/\/www.aevc.edu.pt\/aevc_1\/wp-content\/uploads\/2026\/03\/IMG_20260305_115940-1024x631.jpg","inLanguage":"pt-PT","potentialAction":[{"@type":"CommentAction","name":"Comment","target":["https:\/\/www.aevc.edu.pt\/aevc_1\/2026\/03\/11\/erasmus-week\/#respond"]}]},{"@type":"WebPage","@id":"https:\/\/www.aevc.edu.pt\/aevc_1\/2026\/03\/11\/erasmus-week\/","url":"https:\/\/www.aevc.edu.pt\/aevc_1\/2026\/03\/11\/erasmus-week\/","name":"Erasmus week - Agrupamento de Escolas de Vila Cova","isPartOf":{"@id":"http:\/\/www.aevc.edu.pt\/aevc_1\/#website"},"primaryImageOfPage":{"@id":"https:\/\/www.aevc.edu.pt\/aevc_1\/2026\/03\/11\/erasmus-week\/#primaryimage"},"image":{"@id":"https:\/\/www.aevc.edu.pt\/aevc_1\/2026\/03\/11\/erasmus-week\/#primaryimage"},"thumbnailUrl":"http:\/\/www.aevc.edu.pt\/aevc_1\/wp-content\/uploads\/2026\/03\/IMG_20260305_115940-1024x631.jpg","datePublished":"2026-03-11T15:27:42+00:00","dateModified":"2026-03-11T15:35:04+00:00","breadcrumb":{"@id":"https:\/\/www.aevc.edu.pt\/aevc_1\/2026\/03\/11\/erasmus-week\/#breadcrumb"},"inLanguage":"pt-PT","potentialAction":[{"@type":"ReadAction","target":["https:\/\/www.aevc.edu.pt\/aevc_1\/2026\/03\/11\/erasmus-week\/"]}]},{"@type":"ImageObject","inLanguage":"pt-PT","@id":"https:\/\/www.aevc.edu.pt\/aevc_1\/2026\/03\/11\/erasmus-week\/#primaryimage","url":"http:\/\/www.aevc.edu.pt\/aevc_1\/wp-content\/uploads\/2026\/03\/IMG_20260305_115940.jpg","contentUrl":"http:\/\/www.aevc.edu.pt\/aevc_1\/wp-content\/uploads\/2026\/03\/IMG_20260305_115940.jpg","width":1961,"height":1208},{"@type":"BreadcrumbList","@id":"https:\/\/www.aevc.edu.pt\/aevc_1\/2026\/03\/11\/erasmus-week\/#breadcrumb","itemListElement":[{"@type":"ListItem","position":1,"name":"In\u00edcio","item":"https:\/\/www.aevc.edu.pt\/aevc_1\/"},{"@type":"ListItem","position":2,"name":"Erasmus week"}]},{"@type":"WebSite","@id":"http:\/\/www.aevc.edu.pt\/aevc_1\/#website","url":"http:\/\/www.aevc.edu.pt\/aevc_1\/","name":"Agrupamento de Escolas de Vila Cova","description":"","publisher":{"@id":"http:\/\/www.aevc.edu.pt\/aevc_1\/#organization"},"potentialAction":[{"@type":"SearchAction","target":{"@type":"EntryPoint","urlTemplate":"http:\/\/www.aevc.edu.pt\/aevc_1\/?s={search_term_string}"},"query-input":"required name=search_term_string"}],"inLanguage":"pt-PT"},{"@type":"Organization","@id":"http:\/\/www.aevc.edu.pt\/aevc_1\/#organization","name":"Agrupamento de Escolas de Vila Cova","url":"http:\/\/www.aevc.edu.pt\/aevc_1\/","logo":{"@type":"ImageObject","inLanguage":"pt-PT","@id":"http:\/\/www.aevc.edu.pt\/aevc_1\/#\/schema\/logo\/image\/","url":"http:\/\/www.aevc.edu.pt\/aevc_1\/wp-content\/uploads\/2022\/09\/logo-final__1_-removebg-preview-removebg-preview.png","contentUrl":"http:\/\/www.aevc.edu.pt\/aevc_1\/wp-content\/uploads\/2022\/09\/logo-final__1_-removebg-preview-removebg-preview.png","width":413,"height":151,"caption":"Agrupamento de Escolas de Vila Cova"},"image":{"@id":"http:\/\/www.aevc.edu.pt\/aevc_1\/#\/schema\/logo\/image\/"}},{"@type":"Person","@id":"http:\/\/www.aevc.edu.pt\/aevc_1\/#\/schema\/person\/e6134488808256392eebb7b7be1f64ef","name":"jog","image":{"@type":"ImageObject","inLanguage":"pt-PT","@id":"http:\/\/www.aevc.edu.pt\/aevc_1\/#\/schema\/person\/image\/","url":"https:\/\/secure.gravatar.com\/avatar\/32799c427952668df7f433c7120d902265a817bb41f54b736d6b830fb3f7a91e?s=96&d=mm&r=g","contentUrl":"https:\/\/secure.gravatar.com\/avatar\/32799c427952668df7f433c7120d902265a817bb41f54b736d6b830fb3f7a91e?s=96&d=mm&r=g","caption":"jog"},"sameAs":["http:\/\/localhost\/aevc_1"],"url":"http:\/\/www.aevc.edu.pt\/aevc_1\/author\/jog\/"}]}},"_links":{"self":[{"href":"http:\/\/www.aevc.edu.pt\/aevc_1\/wp-json\/wp\/v2\/posts\/5535","targetHints":{"allow":["GET"]}}],"collection":[{"href":"http:\/\/www.aevc.edu.pt\/aevc_1\/wp-json\/wp\/v2\/posts"}],"about":[{"href":"http:\/\/www.aevc.edu.pt\/aevc_1\/wp-json\/wp\/v2\/types\/post"}],"author":[{"embeddable":true,"href":"http:\/\/www.aevc.edu.pt\/aevc_1\/wp-json\/wp\/v2\/users\/1"}],"replies":[{"embeddable":true,"href":"http:\/\/www.aevc.edu.pt\/aevc_1\/wp-json\/wp\/v2\/comments?post=5535"}],"version-history":[{"count":6,"href":"http:\/\/www.aevc.edu.pt\/aevc_1\/wp-json\/wp\/v2\/posts\/5535\/revisions"}],"predecessor-version":[{"id":5561,"href":"http:\/\/www.aevc.edu.pt\/aevc_1\/wp-json\/wp\/v2\/posts\/5535\/revisions\/5561"}],"wp:attachment":[{"href":"http:\/\/www.aevc.edu.pt\/aevc_1\/wp-json\/wp\/v2\/media?parent=5535"}],"wp:term":[{"taxonomy":"category","embeddable":true,"href":"http:\/\/www.aevc.edu.pt\/aevc_1\/wp-json\/wp\/v2\/categories?post=5535"},{"taxonomy":"post_tag","embeddable":true,"href":"http:\/\/www.aevc.edu.pt\/aevc_1\/wp-json\/wp\/v2\/tags?post=5535"}],"curies":[{"name":"wp","href":"https:\/\/api.w.org\/{rel}","templated":true}]}}