{"id":4736,"date":"2024-07-23T12:55:31","date_gmt":"2024-07-23T12:55:31","guid":{"rendered":"http:\/\/www.aevc.edu.pt\/aevc_1\/?p=4736"},"modified":"2024-07-23T12:55:47","modified_gmt":"2024-07-23T12:55:47","slug":"formacao-no-ambito-do-programa-erasmus","status":"publish","type":"post","link":"http:\/\/www.aevc.edu.pt\/aevc_1\/2024\/07\/23\/formacao-no-ambito-do-programa-erasmus\/","title":{"rendered":"forma\u00e7\u00e3o no \u00e2mbito do programa Erasmus+"},"content":{"rendered":"\t\t<div data-elementor-type=\"wp-post\" data-elementor-id=\"4736\" class=\"elementor elementor-4736\">\n\t\t\t\t\t\t<header class=\"elementor-section elementor-top-section elementor-element elementor-element-70737ab elementor-section-height-min-height elementor-section-items-bottom elementor-section-boxed elementor-section-height-default\" data-id=\"70737ab\" data-element_type=\"section\" data-settings=\"{&quot;background_background&quot;:&quot;slideshow&quot;,&quot;background_slideshow_gallery&quot;:[{&quot;id&quot;:3447,&quot;url&quot;:&quot;http:\\\/\\\/www.aevc.edu.pt\\\/aevc_1\\\/wp-content\\\/uploads\\\/2022\\\/11\\\/mosaico1-1.jpg&quot;},{&quot;id&quot;:3448,&quot;url&quot;:&quot;http:\\\/\\\/www.aevc.edu.pt\\\/aevc_1\\\/wp-content\\\/uploads\\\/2022\\\/11\\\/mosaico2-1.jpg&quot;},{&quot;id&quot;:3450,&quot;url&quot;:&quot;http:\\\/\\\/www.aevc.edu.pt\\\/aevc_1\\\/wp-content\\\/uploads\\\/2022\\\/11\\\/mosaico3-1.jpg&quot;}],&quot;background_slideshow_lazyload&quot;:&quot;yes&quot;,&quot;background_slideshow_ken_burns&quot;:&quot;yes&quot;,&quot;background_slideshow_loop&quot;:&quot;yes&quot;,&quot;background_slideshow_slide_duration&quot;:5000,&quot;background_slideshow_slide_transition&quot;:&quot;fade&quot;,&quot;background_slideshow_transition_duration&quot;:500,&quot;background_slideshow_ken_burns_zoom_direction&quot;:&quot;in&quot;}\">\n\t\t\t\t\t\t\t<div class=\"elementor-background-overlay\"><\/div>\n\t\t\t\t\t\t\t<div class=\"elementor-container elementor-column-gap-wider\">\n\t\t\t\t\t<div class=\"elementor-column elementor-col-50 elementor-top-column elementor-element elementor-element-92149ef\" data-id=\"92149ef\" data-element_type=\"column\">\n\t\t\t<div class=\"elementor-widget-wrap elementor-element-populated\">\n\t\t\t\t\t\t<div class=\"elementor-element elementor-element-7378392 elementor-widget elementor-widget-heading\" data-id=\"7378392\" data-element_type=\"widget\" data-widget_type=\"heading.default\">\n\t\t\t\t<div class=\"elementor-widget-container\">\n\t\t\t<style>\/*! elementor - v3.23.0 - 15-07-2024 *\/\n.elementor-heading-title{padding:0;margin:0;line-height:1}.elementor-widget-heading .elementor-heading-title[class*=elementor-size-]>a{color:inherit;font-size:inherit;line-height:inherit}.elementor-widget-heading .elementor-heading-title.elementor-size-small{font-size:15px}.elementor-widget-heading .elementor-heading-title.elementor-size-medium{font-size:19px}.elementor-widget-heading .elementor-heading-title.elementor-size-large{font-size:29px}.elementor-widget-heading .elementor-heading-title.elementor-size-xl{font-size:39px}.elementor-widget-heading .elementor-heading-title.elementor-size-xxl{font-size:59px}<\/style><h1 class=\"elementor-heading-title elementor-size-default\">Projeto  2023-1-PT01-KA121-SCH-000115562<\/h1>\t\t<\/div>\n\t\t\t\t<\/div>\n\t\t\t\t\t<\/div>\n\t\t<\/div>\n\t\t\t\t<div class=\"elementor-column elementor-col-50 elementor-top-column elementor-element elementor-element-9ba484f elementor-invisible\" data-id=\"9ba484f\" data-element_type=\"column\" data-settings=\"{&quot;background_background&quot;:&quot;classic&quot;,&quot;animation&quot;:&quot;fadeIn&quot;}\">\n\t\t\t<div class=\"elementor-widget-wrap\">\n\t\t\t\t\t\t\t<\/div>\n\t\t<\/div>\n\t\t\t\t\t<\/div>\n\t\t<\/header>\n\t\t\t\t<section class=\"elementor-section elementor-top-section elementor-element elementor-element-156e9fd elementor-section-boxed elementor-section-height-default elementor-section-height-default\" data-id=\"156e9fd\" data-element_type=\"section\">\n\t\t\t\t\t\t<div class=\"elementor-container elementor-column-gap-default\">\n\t\t\t\t\t<div class=\"elementor-column elementor-col-100 elementor-top-column elementor-element elementor-element-6987482\" data-id=\"6987482\" data-element_type=\"column\">\n\t\t\t<div class=\"elementor-widget-wrap elementor-element-populated\">\n\t\t\t\t\t\t<div class=\"elementor-element elementor-element-60824bf elementor-widget elementor-widget-text-editor\" data-id=\"60824bf\" data-element_type=\"widget\" data-widget_type=\"text-editor.default\">\n\t\t\t\t<div class=\"elementor-widget-container\">\n\t\t\t<style>\/*! elementor - v3.23.0 - 15-07-2024 *\/\n.elementor-widget-text-editor.elementor-drop-cap-view-stacked .elementor-drop-cap{background-color:#69727d;color:#fff}.elementor-widget-text-editor.elementor-drop-cap-view-framed .elementor-drop-cap{color:#69727d;border:3px solid;background-color:transparent}.elementor-widget-text-editor:not(.elementor-drop-cap-view-default) .elementor-drop-cap{margin-top:8px}.elementor-widget-text-editor:not(.elementor-drop-cap-view-default) .elementor-drop-cap-letter{width:1em;height:1em}.elementor-widget-text-editor .elementor-drop-cap{float:left;text-align:center;line-height:1;font-size:50px}.elementor-widget-text-editor .elementor-drop-cap-letter{display:inline-block}<\/style>\t\t\t\t<p><b><span style=\"color: #000000; font-family: arial, sans-serif;\">Tr\u00eas docentes participaram em abril deste ano letivo em atividades de curso de forma\u00e7\u00e3o no \u00e2mbito do programa Erasmus+ do Projeto\u00a0 2023-1-PT01-KA121-SCH-<wbr \/>000115562. As mesmas replicaram as suas aprendizagens numa<\/span><\/b><b><span style=\"color: #000000; font-family: arial, sans-serif;\">\u00a0ACD\u00a0<\/span><\/b><b><span style=\"color: #000000; font-family: arial, sans-serif;\">(a\u00e7\u00e3o de curta dire\u00e7\u00e3o)\u00a0<\/span><\/b><b><span style=\"color: #000000; font-family: arial, sans-serif;\">&#8220;Ferramentas digitais de A a Z&#8221;, na EBS de Vila Cova, no dia 16 de julho 2024.<\/span><\/b><\/p>\t\t\t\t\t\t<\/div>\n\t\t\t\t<\/div>\n\t\t\t\t\t<\/div>\n\t\t<\/div>\n\t\t\t\t\t<\/div>\n\t\t<\/section>\n\t\t\t\t<section class=\"elementor-section elementor-top-section elementor-element elementor-element-6067b9a elementor-section-boxed elementor-section-height-default elementor-section-height-default\" data-id=\"6067b9a\" data-element_type=\"section\">\n\t\t\t\t\t\t<div class=\"elementor-container elementor-column-gap-default\">\n\t\t\t\t\t<div class=\"elementor-column elementor-col-100 elementor-top-column elementor-element elementor-element-dad663c\" data-id=\"dad663c\" data-element_type=\"column\">\n\t\t\t<div class=\"elementor-widget-wrap elementor-element-populated\">\n\t\t\t\t\t\t<div class=\"elementor-element elementor-element-6475f9b elementor-widget elementor-widget-image\" data-id=\"6475f9b\" data-element_type=\"widget\" data-widget_type=\"image.default\">\n\t\t\t\t<div class=\"elementor-widget-container\">\n\t\t\t<style>\/*! elementor - v3.23.0 - 15-07-2024 *\/\n.elementor-widget-image{text-align:center}.elementor-widget-image a{display:inline-block}.elementor-widget-image a img[src$=\".svg\"]{width:48px}.elementor-widget-image img{vertical-align:middle;display:inline-block}<\/style>\t\t\t\t\t\t\t\t\t\t<img fetchpriority=\"high\" decoding=\"async\" width=\"1024\" height=\"768\" src=\"http:\/\/www.aevc.edu.pt\/aevc_1\/wp-content\/uploads\/2024\/07\/20240716_104405-1024x768.jpg\" class=\"attachment-large size-large wp-image-4738\" alt=\"\" srcset=\"http:\/\/www.aevc.edu.pt\/aevc_1\/wp-content\/uploads\/2024\/07\/20240716_104405-1024x768.jpg 1024w, http:\/\/www.aevc.edu.pt\/aevc_1\/wp-content\/uploads\/2024\/07\/20240716_104405-300x225.jpg 300w, http:\/\/www.aevc.edu.pt\/aevc_1\/wp-content\/uploads\/2024\/07\/20240716_104405-768x576.jpg 768w, http:\/\/www.aevc.edu.pt\/aevc_1\/wp-content\/uploads\/2024\/07\/20240716_104405-1536x1152.jpg 1536w, http:\/\/www.aevc.edu.pt\/aevc_1\/wp-content\/uploads\/2024\/07\/20240716_104405-2048x1536.jpg 2048w\" sizes=\"(max-width: 1024px) 100vw, 1024px\" \/>\t\t\t\t\t\t\t\t\t\t\t\t\t<\/div>\n\t\t\t\t<\/div>\n\t\t\t\t\t<\/div>\n\t\t<\/div>\n\t\t\t\t\t<\/div>\n\t\t<\/section>\n\t\t\t\t<\/div>\n\t\t","protected":false},"excerpt":{"rendered":"<p>Projeto 2023-1-PT01-KA121-SCH-000115562 Tr\u00eas docentes participaram em abril deste ano letivo em atividades de curso de forma\u00e7\u00e3o no \u00e2mbito do programa Erasmus+ do Projeto\u00a0 2023-1-PT01-KA121-SCH-000115562. As mesmas replicaram as suas aprendizagens&#8230;<\/p>\n","protected":false},"author":1,"featured_media":0,"comment_status":"open","ping_status":"open","sticky":false,"template":"","format":"standard","meta":{"_kadence_starter_templates_imported_post":false,"_kad_post_transparent":"","_kad_post_title":"","_kad_post_layout":"","_kad_post_sidebar_id":"","_kad_post_content_style":"","_kad_post_vertical_padding":"","_kad_post_feature":"","_kad_post_feature_position":"","_kad_post_header":false,"_kad_post_footer":false,"_kad_post_classname":"","footnotes":""},"categories":[1],"tags":[],"class_list":["post-4736","post","type-post","status-publish","format-standard","hentry","category-sem-categoria"],"yoast_head":"<!-- This site is optimized with the Yoast SEO plugin v23.0 - https:\/\/yoast.com\/wordpress\/plugins\/seo\/ -->\n<title>forma\u00e7\u00e3o no \u00e2mbito do programa Erasmus+ - Agrupamento de Escolas de Vila Cova<\/title>\n<meta name=\"robots\" content=\"index, follow, max-snippet:-1, max-image-preview:large, max-video-preview:-1\" \/>\n<link rel=\"canonical\" href=\"http:\/\/www.aevc.edu.pt\/aevc_1\/2024\/07\/23\/formacao-no-ambito-do-programa-erasmus\/\" \/>\n<meta property=\"og:locale\" content=\"pt_PT\" \/>\n<meta property=\"og:type\" content=\"article\" \/>\n<meta property=\"og:title\" content=\"forma\u00e7\u00e3o no \u00e2mbito do programa Erasmus+ - Agrupamento de Escolas de Vila Cova\" \/>\n<meta property=\"og:description\" content=\"Projeto 2023-1-PT01-KA121-SCH-000115562 Tr\u00eas docentes participaram em abril deste ano letivo em atividades de curso de forma\u00e7\u00e3o no \u00e2mbito do programa Erasmus+ do Projeto\u00a0 2023-1-PT01-KA121-SCH-000115562. As mesmas replicaram as suas aprendizagens...\" \/>\n<meta property=\"og:url\" content=\"http:\/\/www.aevc.edu.pt\/aevc_1\/2024\/07\/23\/formacao-no-ambito-do-programa-erasmus\/\" \/>\n<meta property=\"og:site_name\" content=\"Agrupamento de Escolas de Vila Cova\" \/>\n<meta property=\"article:published_time\" content=\"2024-07-23T12:55:31+00:00\" \/>\n<meta property=\"article:modified_time\" content=\"2024-07-23T12:55:47+00:00\" \/>\n<meta property=\"og:image\" content=\"http:\/\/www.aevc.edu.pt\/aevc_1\/wp-content\/uploads\/2024\/07\/20240716_104405-1024x768.jpg\" \/>\n<meta name=\"author\" content=\"jog\" \/>\n<meta name=\"twitter:card\" content=\"summary_large_image\" \/>\n<meta name=\"twitter:label1\" content=\"Written by\" \/>\n\t<meta name=\"twitter:data1\" content=\"\" \/>\n\t<meta name=\"twitter:label2\" content=\"Est. reading time\" \/>\n\t<meta name=\"twitter:data2\" content=\"1 minuto\" \/>\n<script type=\"application\/ld+json\" class=\"yoast-schema-graph\">{\"@context\":\"https:\/\/schema.org\",\"@graph\":[{\"@type\":\"Article\",\"@id\":\"http:\/\/www.aevc.edu.pt\/aevc_1\/2024\/07\/23\/formacao-no-ambito-do-programa-erasmus\/#article\",\"isPartOf\":{\"@id\":\"http:\/\/www.aevc.edu.pt\/aevc_1\/2024\/07\/23\/formacao-no-ambito-do-programa-erasmus\/\"},\"author\":{\"name\":\"jog\",\"@id\":\"http:\/\/www.aevc.edu.pt\/aevc_1\/#\/schema\/person\/e6134488808256392eebb7b7be1f64ef\"},\"headline\":\"forma\u00e7\u00e3o no \u00e2mbito do programa Erasmus+\",\"datePublished\":\"2024-07-23T12:55:31+00:00\",\"dateModified\":\"2024-07-23T12:55:47+00:00\",\"mainEntityOfPage\":{\"@id\":\"http:\/\/www.aevc.edu.pt\/aevc_1\/2024\/07\/23\/formacao-no-ambito-do-programa-erasmus\/\"},\"wordCount\":68,\"commentCount\":0,\"publisher\":{\"@id\":\"http:\/\/www.aevc.edu.pt\/aevc_1\/#organization\"},\"image\":{\"@id\":\"http:\/\/www.aevc.edu.pt\/aevc_1\/2024\/07\/23\/formacao-no-ambito-do-programa-erasmus\/#primaryimage\"},\"thumbnailUrl\":\"http:\/\/www.aevc.edu.pt\/aevc_1\/wp-content\/uploads\/2024\/07\/20240716_104405-1024x768.jpg\",\"inLanguage\":\"pt-PT\",\"potentialAction\":[{\"@type\":\"CommentAction\",\"name\":\"Comment\",\"target\":[\"http:\/\/www.aevc.edu.pt\/aevc_1\/2024\/07\/23\/formacao-no-ambito-do-programa-erasmus\/#respond\"]}]},{\"@type\":\"WebPage\",\"@id\":\"http:\/\/www.aevc.edu.pt\/aevc_1\/2024\/07\/23\/formacao-no-ambito-do-programa-erasmus\/\",\"url\":\"http:\/\/www.aevc.edu.pt\/aevc_1\/2024\/07\/23\/formacao-no-ambito-do-programa-erasmus\/\",\"name\":\"forma\u00e7\u00e3o no \u00e2mbito do programa Erasmus+ - Agrupamento de Escolas de Vila Cova\",\"isPartOf\":{\"@id\":\"http:\/\/www.aevc.edu.pt\/aevc_1\/#website\"},\"primaryImageOfPage\":{\"@id\":\"http:\/\/www.aevc.edu.pt\/aevc_1\/2024\/07\/23\/formacao-no-ambito-do-programa-erasmus\/#primaryimage\"},\"image\":{\"@id\":\"http:\/\/www.aevc.edu.pt\/aevc_1\/2024\/07\/23\/formacao-no-ambito-do-programa-erasmus\/#primaryimage\"},\"thumbnailUrl\":\"http:\/\/www.aevc.edu.pt\/aevc_1\/wp-content\/uploads\/2024\/07\/20240716_104405-1024x768.jpg\",\"datePublished\":\"2024-07-23T12:55:31+00:00\",\"dateModified\":\"2024-07-23T12:55:47+00:00\",\"breadcrumb\":{\"@id\":\"http:\/\/www.aevc.edu.pt\/aevc_1\/2024\/07\/23\/formacao-no-ambito-do-programa-erasmus\/#breadcrumb\"},\"inLanguage\":\"pt-PT\",\"potentialAction\":[{\"@type\":\"ReadAction\",\"target\":[\"http:\/\/www.aevc.edu.pt\/aevc_1\/2024\/07\/23\/formacao-no-ambito-do-programa-erasmus\/\"]}]},{\"@type\":\"ImageObject\",\"inLanguage\":\"pt-PT\",\"@id\":\"http:\/\/www.aevc.edu.pt\/aevc_1\/2024\/07\/23\/formacao-no-ambito-do-programa-erasmus\/#primaryimage\",\"url\":\"http:\/\/www.aevc.edu.pt\/aevc_1\/wp-content\/uploads\/2024\/07\/20240716_104405-scaled.jpg\",\"contentUrl\":\"http:\/\/www.aevc.edu.pt\/aevc_1\/wp-content\/uploads\/2024\/07\/20240716_104405-scaled.jpg\",\"width\":2560,\"height\":1920},{\"@type\":\"BreadcrumbList\",\"@id\":\"http:\/\/www.aevc.edu.pt\/aevc_1\/2024\/07\/23\/formacao-no-ambito-do-programa-erasmus\/#breadcrumb\",\"itemListElement\":[{\"@type\":\"ListItem\",\"position\":1,\"name\":\"In\u00edcio\",\"item\":\"http:\/\/www.aevc.edu.pt\/aevc_1\/\"},{\"@type\":\"ListItem\",\"position\":2,\"name\":\"forma\u00e7\u00e3o no \u00e2mbito do programa Erasmus+\"}]},{\"@type\":\"WebSite\",\"@id\":\"http:\/\/www.aevc.edu.pt\/aevc_1\/#website\",\"url\":\"http:\/\/www.aevc.edu.pt\/aevc_1\/\",\"name\":\"Agrupamento de Escolas de Vila Cova\",\"description\":\"\",\"publisher\":{\"@id\":\"http:\/\/www.aevc.edu.pt\/aevc_1\/#organization\"},\"potentialAction\":[{\"@type\":\"SearchAction\",\"target\":{\"@type\":\"EntryPoint\",\"urlTemplate\":\"http:\/\/www.aevc.edu.pt\/aevc_1\/?s={search_term_string}\"},\"query-input\":\"required name=search_term_string\"}],\"inLanguage\":\"pt-PT\"},{\"@type\":\"Organization\",\"@id\":\"http:\/\/www.aevc.edu.pt\/aevc_1\/#organization\",\"name\":\"Agrupamento de Escolas de Vila Cova\",\"url\":\"http:\/\/www.aevc.edu.pt\/aevc_1\/\",\"logo\":{\"@type\":\"ImageObject\",\"inLanguage\":\"pt-PT\",\"@id\":\"http:\/\/www.aevc.edu.pt\/aevc_1\/#\/schema\/logo\/image\/\",\"url\":\"http:\/\/www.aevc.edu.pt\/aevc_1\/wp-content\/uploads\/2022\/09\/logo-final__1_-removebg-preview-removebg-preview.png\",\"contentUrl\":\"http:\/\/www.aevc.edu.pt\/aevc_1\/wp-content\/uploads\/2022\/09\/logo-final__1_-removebg-preview-removebg-preview.png\",\"width\":413,\"height\":151,\"caption\":\"Agrupamento de Escolas de Vila Cova\"},\"image\":{\"@id\":\"http:\/\/www.aevc.edu.pt\/aevc_1\/#\/schema\/logo\/image\/\"}},{\"@type\":\"Person\",\"@id\":\"http:\/\/www.aevc.edu.pt\/aevc_1\/#\/schema\/person\/e6134488808256392eebb7b7be1f64ef\",\"name\":\"jog\",\"image\":{\"@type\":\"ImageObject\",\"inLanguage\":\"pt-PT\",\"@id\":\"http:\/\/www.aevc.edu.pt\/aevc_1\/#\/schema\/person\/image\/\",\"url\":\"https:\/\/secure.gravatar.com\/avatar\/32799c427952668df7f433c7120d902265a817bb41f54b736d6b830fb3f7a91e?s=96&d=mm&r=g\",\"contentUrl\":\"https:\/\/secure.gravatar.com\/avatar\/32799c427952668df7f433c7120d902265a817bb41f54b736d6b830fb3f7a91e?s=96&d=mm&r=g\",\"caption\":\"jog\"},\"sameAs\":[\"http:\/\/localhost\/aevc_1\"],\"url\":\"http:\/\/www.aevc.edu.pt\/aevc_1\/author\/jog\/\"}]}<\/script>\n<!-- \/ Yoast SEO plugin. -->","yoast_head_json":{"title":"forma\u00e7\u00e3o no \u00e2mbito do programa Erasmus+ - Agrupamento de Escolas de Vila Cova","robots":{"index":"index","follow":"follow","max-snippet":"max-snippet:-1","max-image-preview":"max-image-preview:large","max-video-preview":"max-video-preview:-1"},"canonical":"http:\/\/www.aevc.edu.pt\/aevc_1\/2024\/07\/23\/formacao-no-ambito-do-programa-erasmus\/","og_locale":"pt_PT","og_type":"article","og_title":"forma\u00e7\u00e3o no \u00e2mbito do programa Erasmus+ - Agrupamento de Escolas de Vila Cova","og_description":"Projeto 2023-1-PT01-KA121-SCH-000115562 Tr\u00eas docentes participaram em abril deste ano letivo em atividades de curso de forma\u00e7\u00e3o no \u00e2mbito do programa Erasmus+ do Projeto\u00a0 2023-1-PT01-KA121-SCH-000115562. As mesmas replicaram as suas aprendizagens...","og_url":"http:\/\/www.aevc.edu.pt\/aevc_1\/2024\/07\/23\/formacao-no-ambito-do-programa-erasmus\/","og_site_name":"Agrupamento de Escolas de Vila Cova","article_published_time":"2024-07-23T12:55:31+00:00","article_modified_time":"2024-07-23T12:55:47+00:00","og_image":[{"url":"http:\/\/www.aevc.edu.pt\/aevc_1\/wp-content\/uploads\/2024\/07\/20240716_104405-1024x768.jpg"}],"author":"jog","twitter_card":"summary_large_image","twitter_misc":{"Written by":false,"Est. reading time":"1 minuto"},"schema":{"@context":"https:\/\/schema.org","@graph":[{"@type":"Article","@id":"http:\/\/www.aevc.edu.pt\/aevc_1\/2024\/07\/23\/formacao-no-ambito-do-programa-erasmus\/#article","isPartOf":{"@id":"http:\/\/www.aevc.edu.pt\/aevc_1\/2024\/07\/23\/formacao-no-ambito-do-programa-erasmus\/"},"author":{"name":"jog","@id":"http:\/\/www.aevc.edu.pt\/aevc_1\/#\/schema\/person\/e6134488808256392eebb7b7be1f64ef"},"headline":"forma\u00e7\u00e3o no \u00e2mbito do programa Erasmus+","datePublished":"2024-07-23T12:55:31+00:00","dateModified":"2024-07-23T12:55:47+00:00","mainEntityOfPage":{"@id":"http:\/\/www.aevc.edu.pt\/aevc_1\/2024\/07\/23\/formacao-no-ambito-do-programa-erasmus\/"},"wordCount":68,"commentCount":0,"publisher":{"@id":"http:\/\/www.aevc.edu.pt\/aevc_1\/#organization"},"image":{"@id":"http:\/\/www.aevc.edu.pt\/aevc_1\/2024\/07\/23\/formacao-no-ambito-do-programa-erasmus\/#primaryimage"},"thumbnailUrl":"http:\/\/www.aevc.edu.pt\/aevc_1\/wp-content\/uploads\/2024\/07\/20240716_104405-1024x768.jpg","inLanguage":"pt-PT","potentialAction":[{"@type":"CommentAction","name":"Comment","target":["http:\/\/www.aevc.edu.pt\/aevc_1\/2024\/07\/23\/formacao-no-ambito-do-programa-erasmus\/#respond"]}]},{"@type":"WebPage","@id":"http:\/\/www.aevc.edu.pt\/aevc_1\/2024\/07\/23\/formacao-no-ambito-do-programa-erasmus\/","url":"http:\/\/www.aevc.edu.pt\/aevc_1\/2024\/07\/23\/formacao-no-ambito-do-programa-erasmus\/","name":"forma\u00e7\u00e3o no \u00e2mbito do programa Erasmus+ - Agrupamento de Escolas de Vila Cova","isPartOf":{"@id":"http:\/\/www.aevc.edu.pt\/aevc_1\/#website"},"primaryImageOfPage":{"@id":"http:\/\/www.aevc.edu.pt\/aevc_1\/2024\/07\/23\/formacao-no-ambito-do-programa-erasmus\/#primaryimage"},"image":{"@id":"http:\/\/www.aevc.edu.pt\/aevc_1\/2024\/07\/23\/formacao-no-ambito-do-programa-erasmus\/#primaryimage"},"thumbnailUrl":"http:\/\/www.aevc.edu.pt\/aevc_1\/wp-content\/uploads\/2024\/07\/20240716_104405-1024x768.jpg","datePublished":"2024-07-23T12:55:31+00:00","dateModified":"2024-07-23T12:55:47+00:00","breadcrumb":{"@id":"http:\/\/www.aevc.edu.pt\/aevc_1\/2024\/07\/23\/formacao-no-ambito-do-programa-erasmus\/#breadcrumb"},"inLanguage":"pt-PT","potentialAction":[{"@type":"ReadAction","target":["http:\/\/www.aevc.edu.pt\/aevc_1\/2024\/07\/23\/formacao-no-ambito-do-programa-erasmus\/"]}]},{"@type":"ImageObject","inLanguage":"pt-PT","@id":"http:\/\/www.aevc.edu.pt\/aevc_1\/2024\/07\/23\/formacao-no-ambito-do-programa-erasmus\/#primaryimage","url":"http:\/\/www.aevc.edu.pt\/aevc_1\/wp-content\/uploads\/2024\/07\/20240716_104405-scaled.jpg","contentUrl":"http:\/\/www.aevc.edu.pt\/aevc_1\/wp-content\/uploads\/2024\/07\/20240716_104405-scaled.jpg","width":2560,"height":1920},{"@type":"BreadcrumbList","@id":"http:\/\/www.aevc.edu.pt\/aevc_1\/2024\/07\/23\/formacao-no-ambito-do-programa-erasmus\/#breadcrumb","itemListElement":[{"@type":"ListItem","position":1,"name":"In\u00edcio","item":"http:\/\/www.aevc.edu.pt\/aevc_1\/"},{"@type":"ListItem","position":2,"name":"forma\u00e7\u00e3o no \u00e2mbito do programa Erasmus+"}]},{"@type":"WebSite","@id":"http:\/\/www.aevc.edu.pt\/aevc_1\/#website","url":"http:\/\/www.aevc.edu.pt\/aevc_1\/","name":"Agrupamento de Escolas de Vila Cova","description":"","publisher":{"@id":"http:\/\/www.aevc.edu.pt\/aevc_1\/#organization"},"potentialAction":[{"@type":"SearchAction","target":{"@type":"EntryPoint","urlTemplate":"http:\/\/www.aevc.edu.pt\/aevc_1\/?s={search_term_string}"},"query-input":"required name=search_term_string"}],"inLanguage":"pt-PT"},{"@type":"Organization","@id":"http:\/\/www.aevc.edu.pt\/aevc_1\/#organization","name":"Agrupamento de Escolas de Vila Cova","url":"http:\/\/www.aevc.edu.pt\/aevc_1\/","logo":{"@type":"ImageObject","inLanguage":"pt-PT","@id":"http:\/\/www.aevc.edu.pt\/aevc_1\/#\/schema\/logo\/image\/","url":"http:\/\/www.aevc.edu.pt\/aevc_1\/wp-content\/uploads\/2022\/09\/logo-final__1_-removebg-preview-removebg-preview.png","contentUrl":"http:\/\/www.aevc.edu.pt\/aevc_1\/wp-content\/uploads\/2022\/09\/logo-final__1_-removebg-preview-removebg-preview.png","width":413,"height":151,"caption":"Agrupamento de Escolas de Vila Cova"},"image":{"@id":"http:\/\/www.aevc.edu.pt\/aevc_1\/#\/schema\/logo\/image\/"}},{"@type":"Person","@id":"http:\/\/www.aevc.edu.pt\/aevc_1\/#\/schema\/person\/e6134488808256392eebb7b7be1f64ef","name":"jog","image":{"@type":"ImageObject","inLanguage":"pt-PT","@id":"http:\/\/www.aevc.edu.pt\/aevc_1\/#\/schema\/person\/image\/","url":"https:\/\/secure.gravatar.com\/avatar\/32799c427952668df7f433c7120d902265a817bb41f54b736d6b830fb3f7a91e?s=96&d=mm&r=g","contentUrl":"https:\/\/secure.gravatar.com\/avatar\/32799c427952668df7f433c7120d902265a817bb41f54b736d6b830fb3f7a91e?s=96&d=mm&r=g","caption":"jog"},"sameAs":["http:\/\/localhost\/aevc_1"],"url":"http:\/\/www.aevc.edu.pt\/aevc_1\/author\/jog\/"}]}},"_links":{"self":[{"href":"http:\/\/www.aevc.edu.pt\/aevc_1\/wp-json\/wp\/v2\/posts\/4736","targetHints":{"allow":["GET"]}}],"collection":[{"href":"http:\/\/www.aevc.edu.pt\/aevc_1\/wp-json\/wp\/v2\/posts"}],"about":[{"href":"http:\/\/www.aevc.edu.pt\/aevc_1\/wp-json\/wp\/v2\/types\/post"}],"author":[{"embeddable":true,"href":"http:\/\/www.aevc.edu.pt\/aevc_1\/wp-json\/wp\/v2\/users\/1"}],"replies":[{"embeddable":true,"href":"http:\/\/www.aevc.edu.pt\/aevc_1\/wp-json\/wp\/v2\/comments?post=4736"}],"version-history":[{"count":5,"href":"http:\/\/www.aevc.edu.pt\/aevc_1\/wp-json\/wp\/v2\/posts\/4736\/revisions"}],"predecessor-version":[{"id":4742,"href":"http:\/\/www.aevc.edu.pt\/aevc_1\/wp-json\/wp\/v2\/posts\/4736\/revisions\/4742"}],"wp:attachment":[{"href":"http:\/\/www.aevc.edu.pt\/aevc_1\/wp-json\/wp\/v2\/media?parent=4736"}],"wp:term":[{"taxonomy":"category","embeddable":true,"href":"http:\/\/www.aevc.edu.pt\/aevc_1\/wp-json\/wp\/v2\/categories?post=4736"},{"taxonomy":"post_tag","embeddable":true,"href":"http:\/\/www.aevc.edu.pt\/aevc_1\/wp-json\/wp\/v2\/tags?post=4736"}],"curies":[{"name":"wp","href":"https:\/\/api.w.org\/{rel}","templated":true}]}}